{"id":65,"date":"2021-05-26T10:12:27","date_gmt":"2021-05-26T10:12:27","guid":{"rendered":"https:\/\/deudafix.es\/blog\/?p=65"},"modified":"2021-09-17T15:52:41","modified_gmt":"2021-09-17T15:52:41","slug":"una-guia-de-lo-que-sucede-cuando-comienza-el-proceso-de-la-ley-de-segunda-oportunidad","status":"publish","type":"post","link":"https:\/\/www.deudafix.es\/blog\/una-guia-de-lo-que-sucede-cuando-comienza-el-proceso-de-la-ley-de-segunda-oportunidad\/","title":{"rendered":"Una gu\u00eda de lo que sucede cuando comienza el proceso de la ley de segunda oportunidad"},"content":{"rendered":"\t\t<div data-elementor-type=\"wp-post\" data-elementor-id=\"65\" class=\"elementor elementor-65\" data-elementor-settings=\"[]\">\n\t\t\t\t\t\t\t<div class=\"elementor-section-wrap\">\n\t\t\t\t\t\t\t<section class=\"elementor-section elementor-top-section elementor-element elementor-element-c9f6d92 elementor-section-boxed elementor-section-height-default elementor-section-height-default\" data-id=\"c9f6d92\" data-element_type=\"section\">\n\t\t\t\t\t\t<div class=\"elementor-container elementor-column-gap-default\">\n\t\t\t\t\t<div class=\"elementor-column elementor-col-100 elementor-top-column elementor-element elementor-element-e39df01\" data-id=\"e39df01\" data-element_type=\"column\">\n\t\t\t<div class=\"elementor-widget-wrap elementor-element-populated\">\n\t\t\t\t\t\t\t\t<div class=\"elementor-element elementor-element-9c248c9 elementor-widget elementor-widget-text-editor\" data-id=\"9c248c9\" data-element_type=\"widget\" data-widget_type=\"text-editor.default\">\n\t\t\t\t<div class=\"elementor-widget-container\">\n\t\t\t\t\t\t\t\t<h4 id='ahora-que-he-iniciado-el-proceso-c\u00f3mo-actuar\u00e1n-mis-acreedores-sus-acreedores-ser\u00e1n-informados-por-nosotros-que-ha-iniciado-este-proceso-y-pronto-recibir\u00e1n-un-plan-de-pagos-acordado-con-usted-que-de-no-aceptar-implicar\u00e1-la-exoneraci\u00f3n-de-la-totalidad-de-su-deuda-como-respuesta-algunos-podr\u00e1n-intentar-recuperar-de-forma-r\u00e1pida-el-importe-debido-y-en-ocasiones-lo-har\u00e1n-a-trav\u00e9s-de-t\u00e1cticas-desesperadas-o-abusivas-no-debe-preocuparse-la-ley-nosara-y-no-podr\u00e1n-parar-este-proceso-debe-asegurarse-que-que-ning\u00fan-acreedor-se-persona-en-su-domicilio-requiriendo-el-pago-de-la-deuda-en-tono-amenazante-si-le-comunican-que-proceder\u00e1n-de-esta-forma-debe-saber-que-no-es-cierto-que-ning\u00fan-acreedor-est\u00e1-llamando-a-sus-familiares-amigos-o-trabajo-comunicando-sus-datos-personales-y-revelando-detalles-sobre-sus-deudas-por-favor-inf\u00f3rmenos-inmediatamente-si-eso-pasara-que-una-vez-formalice-usted-el-proceso-en-notaria-se-lo-notificaremos-a-sus-acreedores-para-que-cesen-las-comunicaciones-de-los-acreedores-si-los-acreedores-intentan-intimidarle-o-amenazarle-bloquee-su-n\u00famero-de-tel\u00e9fono-o-si-es-posible-cambie-usted-de-n\u00famero-de-tel\u00e9fono-m\u00f3vil-al-inicio-de-la-llamada-informe-usted-al-acreedor-que-necesitar\u00e1-que-le-mande-una-copia-de-la-grabaci\u00f3n-de-la-llamada-para-envi\u00e1rsela-a-sus-abogados-esto-evitar\u00e1-que-usen-expresiones-amenazantes-al-inicio-de-la-llamada-solicite-al-acreedor-que-le-permita-un-momento-para-configurar-el-sistema-de-grabaci\u00f3n-de-su-tel\u00e9fono-incluso-si-no-puede-hacerlo-y-d\u00edgale-que-usted-tambi\u00e9n-est\u00e1-grabando-la-llamada-inf\u00f3rmeles-que-somos-sus-abogados-y-estamos-gestionando-su-deuda-y-solic\u00edteles-que-nos-llamen-al-910-053-393-si-han-vendido-la-deuda-y-le-est\u00e1n-llamando-de-una-empresa-de-recobro-av\u00edsenos-lo-antes-posible-qu\u00e9-debe-priorizar'  id=\"boomdevs_1\" ><strong style=\"color: #009edc;\">Ahora que he iniciado el proceso, \u00bfc\u00f3mo actuar\u00e1n mis acreedores?<\/strong><\/h4><p>Sus acreedores ser\u00e1n informados por nosotros que ha iniciado este proceso, y pronto recibir\u00e1n un plan de pagos acordado con usted, que, de no aceptar, implicar\u00e1 la exoneraci\u00f3n de la totalidad de su deuda.<\/p><p>Como respuesta, algunos podr\u00e1n intentar recuperar de forma r\u00e1pida el importe debido, y en ocasiones, lo har\u00e1n a trav\u00e9s de t\u00e1cticas desesperadas o abusivas. No debe preocuparse, la ley nos ampara y no podr\u00e1n parar este proceso.<\/p><h4 id=\"boomdevs_2\"><strong style=\"color: #009edc;\">Debe asegurarse que:<\/strong><\/h4><ol><li>Que ning\u00fan acreedor se persona en su domicilio requiriendo el pago de la deuda en tono amenazante. Si le comunican que proceder\u00e1n de esta forma, debe saber que no es cierto.<\/li><li>Que ning\u00fan acreedor est\u00e1 llamando a sus familiares, amigos o trabajo, comunicando sus datos personales y revelando detalles sobre sus deudas. Por favor, inf\u00f3rmenos inmediatamente si eso pasara.<\/li><li>Que una vez formalice usted el proceso en notaria, se lo notificaremos a sus acreedores para que cesen las comunicaciones de los acreedores.<\/li><\/ol><h4 id=\"boomdevs_3\"><strong style=\"color: #009edc;\">Si los acreedores intentan intimidarle o amenazarle:<\/strong><\/h4><ol><li>Bloquee su n\u00famero de tel\u00e9fono o si es posible, cambie usted de n\u00famero de tel\u00e9fono m\u00f3vil.<\/li><li>Al inicio de la llamada, informe usted al acreedor que necesitar\u00e1 que le mande una copia de la grabaci\u00f3n de la llamada para envi\u00e1rsela a sus abogados. Esto evitar\u00e1 que usen expresiones amenazantes.<\/li><li>Al inicio de la llamada, solicite al acreedor que le permita un momento para configurar el sistema de grabaci\u00f3n de su tel\u00e9fono (incluso si no puede hacerlo) y d\u00edgale que usted tambi\u00e9n est\u00e1 grabando la llamada.<\/li><li>Inf\u00f3rmeles que somos sus abogados y estamos gestionando su deuda y solic\u00edteles que nos llamen al 910 053 393.<\/li><li>Si han vendido la deuda y le est\u00e1n llamando de una empresa de recobro, av\u00edsenos lo antes posible.<\/li><\/ol><h4 id=\"boomdevs_4\"><strong style=\"color: #009edc;\">\u00bfQu\u00e9 debe priorizar?<\/strong><\/h4><p>Lo m\u00e1s importante es formalizar el proceso en notar\u00eda, para poder enviar a sus acreedores el documento que nos proporcionar\u00e1 el notario y evitar que le sigan llamando.<\/p><p>Sabemos que no son pocos los documentos requeridos, pero necesitamos su colaboraci\u00f3n en esta tarea para poder protegerle legalmente una vez haya formalizado el proceso. Estaremos aqu\u00ed para ayudarle a conseguir los documentos e intentaremos obtener el m\u00e1ximo n\u00famero de certificados de deuda posibles.<\/p><p>Cont\u00e1ctenos en deudafix.es para obtener m\u00e1s ayuda con la <a href=\"http:\/\/www.deudafix.es\">ley de segunda oportunidad<\/a><\/p>\t\t\t\t\t\t<\/div>\n\t\t\t\t<\/div>\n\t\t\t\t\t<\/div>\n\t\t<\/div>\n\t\t\t\t\t\t\t<\/div>\n\t\t<\/section>\n\t\t\t\t\t\t<\/div>\n\t\t\t\t\t<\/div>\n\t\t","protected":false},"excerpt":{"rendered":"<p>Ahora que he iniciado el proceso, \u00bfc\u00f3mo actuar\u00e1n mis acreedores? Sus acreedores ser\u00e1n informados por nosotros que ha iniciado este proceso, y pronto recibir\u00e1n un plan de pagos acordado con usted, que, de no aceptar, implicar\u00e1 la exoneraci\u00f3n de la totalidad de su deuda. Como respuesta, algunos podr\u00e1n intentar recuperar de forma r\u00e1pida el importe [&hellip;]<\/p>\n","protected":false},"author":18,"featured_media":66,"comment_status":"closed","ping_status":"open","sticky":false,"template":"","format":"standard","meta":{"footnotes":""},"categories":[7],"tags":[],"class_list":["post-65","post","type-post","status-publish","format-standard","has-post-thumbnail","hentry","category-noticias-ley-segunda-oportunidad","entry","has-media"],"yoast_head":"<!-- This site is optimized with the Yoast SEO plugin v24.8.1 - https:\/\/yoast.com\/wordpress\/plugins\/seo\/ -->\n<title>Una gu\u00eda de lo que sucede cuando comienza el proceso de la ley de segunda oportunidad - Deudafix<\/title>\n<meta name=\"description\" content=\"Una gu\u00eda de lo que sucede cuando comienza el proceso de la ley de segunda oportunidad\" \/>\n<meta name=\"robots\" content=\"index, follow, max-snippet:-1, max-image-preview:large, max-video-preview:-1\" \/>\n<link rel=\"canonical\" href=\"https:\/\/www.deudafix.es\/blog\/una-guia-de-lo-que-sucede-cuando-comienza-el-proceso-de-la-ley-de-segunda-oportunidad\/\" \/>\n<meta property=\"og:locale\" content=\"en_US\" \/>\n<meta property=\"og:type\" content=\"article\" \/>\n<meta property=\"og:title\" content=\"Una gu\u00eda de lo que sucede cuando comienza el proceso de la ley de segunda oportunidad - Deudafix\" \/>\n<meta property=\"og:description\" content=\"Una gu\u00eda de lo que sucede cuando comienza el proceso de la ley de segunda oportunidad\" \/>\n<meta property=\"og:url\" content=\"https:\/\/www.deudafix.es\/blog\/una-guia-de-lo-que-sucede-cuando-comienza-el-proceso-de-la-ley-de-segunda-oportunidad\/\" \/>\n<meta property=\"og:site_name\" content=\"Deudafix\" \/>\n<meta property=\"article:published_time\" content=\"2021-05-26T10:12:27+00:00\" \/>\n<meta property=\"article:modified_time\" content=\"2021-09-17T15:52:41+00:00\" \/>\n<meta property=\"og:image\" content=\"https:\/\/www.deudafix.es\/blog\/wp-content\/uploads\/2021\/05\/freedomconcept-1200x675-1.jpg\" \/>\n\t<meta property=\"og:image:width\" content=\"1200\" \/>\n\t<meta property=\"og:image:height\" content=\"675\" \/>\n\t<meta property=\"og:image:type\" content=\"image\/jpeg\" \/>\n<meta name=\"author\" content=\"Lola Granados Bayona\" \/>\n<meta name=\"twitter:card\" content=\"summary_large_image\" \/>\n<meta name=\"twitter:label1\" content=\"Written by\" \/>\n\t<meta name=\"twitter:data1\" content=\"Lola Granados Bayona\" \/>\n\t<meta name=\"twitter:label2\" content=\"Est. reading time\" \/>\n\t<meta name=\"twitter:data2\" content=\"2 minutes\" \/>\n<script type=\"application\/ld+json\" class=\"yoast-schema-graph\">{\"@context\":\"https:\/\/schema.org\",\"@graph\":[{\"@type\":\"Article\",\"@id\":\"https:\/\/www.deudafix.es\/blog\/una-guia-de-lo-que-sucede-cuando-comienza-el-proceso-de-la-ley-de-segunda-oportunidad\/#article\",\"isPartOf\":{\"@id\":\"https:\/\/www.deudafix.es\/blog\/una-guia-de-lo-que-sucede-cuando-comienza-el-proceso-de-la-ley-de-segunda-oportunidad\/\"},\"author\":{\"name\":\"Lola Granados Bayona\",\"@id\":\"https:\/\/www.deudafix.es\/blog\/#\/schema\/person\/b9dd14cba7271f0ae5434ad65900744c\"},\"headline\":\"Una gu\u00eda de lo que sucede cuando comienza el proceso de la ley de segunda oportunidad\",\"datePublished\":\"2021-05-26T10:12:27+00:00\",\"dateModified\":\"2021-09-17T15:52:41+00:00\",\"mainEntityOfPage\":{\"@id\":\"https:\/\/www.deudafix.es\/blog\/una-guia-de-lo-que-sucede-cuando-comienza-el-proceso-de-la-ley-de-segunda-oportunidad\/\"},\"wordCount\":435,\"publisher\":{\"@id\":\"https:\/\/www.deudafix.es\/blog\/#organization\"},\"image\":{\"@id\":\"https:\/\/www.deudafix.es\/blog\/una-guia-de-lo-que-sucede-cuando-comienza-el-proceso-de-la-ley-de-segunda-oportunidad\/#primaryimage\"},\"thumbnailUrl\":\"https:\/\/www.deudafix.es\/blog\/wp-content\/uploads\/2021\/05\/freedomconcept-1200x675-1.jpg\",\"articleSection\":[\"Ley segunda oportunidad\"],\"inLanguage\":\"en-US\"},{\"@type\":\"WebPage\",\"@id\":\"https:\/\/www.deudafix.es\/blog\/una-guia-de-lo-que-sucede-cuando-comienza-el-proceso-de-la-ley-de-segunda-oportunidad\/\",\"url\":\"https:\/\/www.deudafix.es\/blog\/una-guia-de-lo-que-sucede-cuando-comienza-el-proceso-de-la-ley-de-segunda-oportunidad\/\",\"name\":\"Una gu\u00eda de lo que sucede cuando comienza el proceso de la ley de segunda oportunidad - Deudafix\",\"isPartOf\":{\"@id\":\"https:\/\/www.deudafix.es\/blog\/#website\"},\"primaryImageOfPage\":{\"@id\":\"https:\/\/www.deudafix.es\/blog\/una-guia-de-lo-que-sucede-cuando-comienza-el-proceso-de-la-ley-de-segunda-oportunidad\/#primaryimage\"},\"image\":{\"@id\":\"https:\/\/www.deudafix.es\/blog\/una-guia-de-lo-que-sucede-cuando-comienza-el-proceso-de-la-ley-de-segunda-oportunidad\/#primaryimage\"},\"thumbnailUrl\":\"https:\/\/www.deudafix.es\/blog\/wp-content\/uploads\/2021\/05\/freedomconcept-1200x675-1.jpg\",\"datePublished\":\"2021-05-26T10:12:27+00:00\",\"dateModified\":\"2021-09-17T15:52:41+00:00\",\"description\":\"Una gu\u00eda de lo que sucede cuando comienza el proceso de la ley de segunda oportunidad\",\"breadcrumb\":{\"@id\":\"https:\/\/www.deudafix.es\/blog\/una-guia-de-lo-que-sucede-cuando-comienza-el-proceso-de-la-ley-de-segunda-oportunidad\/#breadcrumb\"},\"inLanguage\":\"en-US\",\"potentialAction\":[{\"@type\":\"ReadAction\",\"target\":[\"https:\/\/www.deudafix.es\/blog\/una-guia-de-lo-que-sucede-cuando-comienza-el-proceso-de-la-ley-de-segunda-oportunidad\/\"]}]},{\"@type\":\"ImageObject\",\"inLanguage\":\"en-US\",\"@id\":\"https:\/\/www.deudafix.es\/blog\/una-guia-de-lo-que-sucede-cuando-comienza-el-proceso-de-la-ley-de-segunda-oportunidad\/#primaryimage\",\"url\":\"https:\/\/www.deudafix.es\/blog\/wp-content\/uploads\/2021\/05\/freedomconcept-1200x675-1.jpg\",\"contentUrl\":\"https:\/\/www.deudafix.es\/blog\/wp-content\/uploads\/2021\/05\/freedomconcept-1200x675-1.jpg\",\"width\":1200,\"height\":675},{\"@type\":\"BreadcrumbList\",\"@id\":\"https:\/\/www.deudafix.es\/blog\/una-guia-de-lo-que-sucede-cuando-comienza-el-proceso-de-la-ley-de-segunda-oportunidad\/#breadcrumb\",\"itemListElement\":[{\"@type\":\"ListItem\",\"position\":1,\"name\":\"Home\",\"item\":\"https:\/\/www.deudafix.es\/blog\/\"},{\"@type\":\"ListItem\",\"position\":2,\"name\":\"Una gu\u00eda de lo que sucede cuando comienza el proceso de la ley de segunda oportunidad\"}]},{\"@type\":\"WebSite\",\"@id\":\"https:\/\/www.deudafix.es\/blog\/#website\",\"url\":\"https:\/\/www.deudafix.es\/blog\/\",\"name\":\"Deudafix\",\"description\":\"\",\"publisher\":{\"@id\":\"https:\/\/www.deudafix.es\/blog\/#organization\"},\"potentialAction\":[{\"@type\":\"SearchAction\",\"target\":{\"@type\":\"EntryPoint\",\"urlTemplate\":\"https:\/\/www.deudafix.es\/blog\/?s={search_term_string}\"},\"query-input\":{\"@type\":\"PropertyValueSpecification\",\"valueRequired\":true,\"valueName\":\"search_term_string\"}}],\"inLanguage\":\"en-US\"},{\"@type\":\"Organization\",\"@id\":\"https:\/\/www.deudafix.es\/blog\/#organization\",\"name\":\"Deudafix Reparadora Legal Group SL\",\"url\":\"https:\/\/www.deudafix.es\/blog\/\",\"logo\":{\"@type\":\"ImageObject\",\"inLanguage\":\"en-US\",\"@id\":\"https:\/\/www.deudafix.es\/blog\/#\/schema\/logo\/image\/\",\"url\":\"https:\/\/www.deudafix.es\/blog\/wp-content\/uploads\/2021\/05\/PNGArtboard-1-1.png\",\"contentUrl\":\"https:\/\/www.deudafix.es\/blog\/wp-content\/uploads\/2021\/05\/PNGArtboard-1-1.png\",\"width\":1248,\"height\":326,\"caption\":\"Deudafix Reparadora Legal Group SL\"},\"image\":{\"@id\":\"https:\/\/www.deudafix.es\/blog\/#\/schema\/logo\/image\/\"}},{\"@type\":\"Person\",\"@id\":\"https:\/\/www.deudafix.es\/blog\/#\/schema\/person\/b9dd14cba7271f0ae5434ad65900744c\",\"name\":\"Lola Granados Bayona\",\"image\":{\"@type\":\"ImageObject\",\"inLanguage\":\"en-US\",\"@id\":\"https:\/\/www.deudafix.es\/blog\/#\/schema\/person\/image\/\",\"url\":\"https:\/\/www.deudafix.es\/blog\/wp-content\/uploads\/2021\/09\/1555657523962-150x150.jpeg\",\"contentUrl\":\"https:\/\/www.deudafix.es\/blog\/wp-content\/uploads\/2021\/09\/1555657523962-150x150.jpeg\",\"caption\":\"Lola Granados Bayona\"},\"description\":\"Abogada colegiada del ICAM, Licenciada por la UCM, especialista en derecho concursal, con experiencia en derecho procesal penal y LOPD, siendo coautora del libro titulado \\\" Todo lo que debes saber sobre la LOPD y la adaptaci\u00f3n al nuevo reglamento RGPD\\\"\",\"url\":\"https:\/\/www.deudafix.es\/blog\/author\/mgranados\/\"}]}<\/script>\n<!-- \/ Yoast SEO plugin. -->","yoast_head_json":{"title":"Una gu\u00eda de lo que sucede cuando comienza el proceso de la ley de segunda oportunidad - Deudafix","description":"Una gu\u00eda de lo que sucede cuando comienza el proceso de la ley de segunda oportunidad","robots":{"index":"index","follow":"follow","max-snippet":"max-snippet:-1","max-image-preview":"max-image-preview:large","max-video-preview":"max-video-preview:-1"},"canonical":"https:\/\/www.deudafix.es\/blog\/una-guia-de-lo-que-sucede-cuando-comienza-el-proceso-de-la-ley-de-segunda-oportunidad\/","og_locale":"en_US","og_type":"article","og_title":"Una gu\u00eda de lo que sucede cuando comienza el proceso de la ley de segunda oportunidad - Deudafix","og_description":"Una gu\u00eda de lo que sucede cuando comienza el proceso de la ley de segunda oportunidad","og_url":"https:\/\/www.deudafix.es\/blog\/una-guia-de-lo-que-sucede-cuando-comienza-el-proceso-de-la-ley-de-segunda-oportunidad\/","og_site_name":"Deudafix","article_published_time":"2021-05-26T10:12:27+00:00","article_modified_time":"2021-09-17T15:52:41+00:00","og_image":[{"width":1200,"height":675,"url":"https:\/\/www.deudafix.es\/blog\/wp-content\/uploads\/2021\/05\/freedomconcept-1200x675-1.jpg","type":"image\/jpeg"}],"author":"Lola Granados Bayona","twitter_card":"summary_large_image","twitter_misc":{"Written by":"Lola Granados Bayona","Est. reading time":"2 minutes"},"schema":{"@context":"https:\/\/schema.org","@graph":[{"@type":"Article","@id":"https:\/\/www.deudafix.es\/blog\/una-guia-de-lo-que-sucede-cuando-comienza-el-proceso-de-la-ley-de-segunda-oportunidad\/#article","isPartOf":{"@id":"https:\/\/www.deudafix.es\/blog\/una-guia-de-lo-que-sucede-cuando-comienza-el-proceso-de-la-ley-de-segunda-oportunidad\/"},"author":{"name":"Lola Granados Bayona","@id":"https:\/\/www.deudafix.es\/blog\/#\/schema\/person\/b9dd14cba7271f0ae5434ad65900744c"},"headline":"Una gu\u00eda de lo que sucede cuando comienza el proceso de la ley de segunda oportunidad","datePublished":"2021-05-26T10:12:27+00:00","dateModified":"2021-09-17T15:52:41+00:00","mainEntityOfPage":{"@id":"https:\/\/www.deudafix.es\/blog\/una-guia-de-lo-que-sucede-cuando-comienza-el-proceso-de-la-ley-de-segunda-oportunidad\/"},"wordCount":435,"publisher":{"@id":"https:\/\/www.deudafix.es\/blog\/#organization"},"image":{"@id":"https:\/\/www.deudafix.es\/blog\/una-guia-de-lo-que-sucede-cuando-comienza-el-proceso-de-la-ley-de-segunda-oportunidad\/#primaryimage"},"thumbnailUrl":"https:\/\/www.deudafix.es\/blog\/wp-content\/uploads\/2021\/05\/freedomconcept-1200x675-1.jpg","articleSection":["Ley segunda oportunidad"],"inLanguage":"en-US"},{"@type":"WebPage","@id":"https:\/\/www.deudafix.es\/blog\/una-guia-de-lo-que-sucede-cuando-comienza-el-proceso-de-la-ley-de-segunda-oportunidad\/","url":"https:\/\/www.deudafix.es\/blog\/una-guia-de-lo-que-sucede-cuando-comienza-el-proceso-de-la-ley-de-segunda-oportunidad\/","name":"Una gu\u00eda de lo que sucede cuando comienza el proceso de la ley de segunda oportunidad - Deudafix","isPartOf":{"@id":"https:\/\/www.deudafix.es\/blog\/#website"},"primaryImageOfPage":{"@id":"https:\/\/www.deudafix.es\/blog\/una-guia-de-lo-que-sucede-cuando-comienza-el-proceso-de-la-ley-de-segunda-oportunidad\/#primaryimage"},"image":{"@id":"https:\/\/www.deudafix.es\/blog\/una-guia-de-lo-que-sucede-cuando-comienza-el-proceso-de-la-ley-de-segunda-oportunidad\/#primaryimage"},"thumbnailUrl":"https:\/\/www.deudafix.es\/blog\/wp-content\/uploads\/2021\/05\/freedomconcept-1200x675-1.jpg","datePublished":"2021-05-26T10:12:27+00:00","dateModified":"2021-09-17T15:52:41+00:00","description":"Una gu\u00eda de lo que sucede cuando comienza el proceso de la ley de segunda oportunidad","breadcrumb":{"@id":"https:\/\/www.deudafix.es\/blog\/una-guia-de-lo-que-sucede-cuando-comienza-el-proceso-de-la-ley-de-segunda-oportunidad\/#breadcrumb"},"inLanguage":"en-US","potentialAction":[{"@type":"ReadAction","target":["https:\/\/www.deudafix.es\/blog\/una-guia-de-lo-que-sucede-cuando-comienza-el-proceso-de-la-ley-de-segunda-oportunidad\/"]}]},{"@type":"ImageObject","inLanguage":"en-US","@id":"https:\/\/www.deudafix.es\/blog\/una-guia-de-lo-que-sucede-cuando-comienza-el-proceso-de-la-ley-de-segunda-oportunidad\/#primaryimage","url":"https:\/\/www.deudafix.es\/blog\/wp-content\/uploads\/2021\/05\/freedomconcept-1200x675-1.jpg","contentUrl":"https:\/\/www.deudafix.es\/blog\/wp-content\/uploads\/2021\/05\/freedomconcept-1200x675-1.jpg","width":1200,"height":675},{"@type":"BreadcrumbList","@id":"https:\/\/www.deudafix.es\/blog\/una-guia-de-lo-que-sucede-cuando-comienza-el-proceso-de-la-ley-de-segunda-oportunidad\/#breadcrumb","itemListElement":[{"@type":"ListItem","position":1,"name":"Home","item":"https:\/\/www.deudafix.es\/blog\/"},{"@type":"ListItem","position":2,"name":"Una gu\u00eda de lo que sucede cuando comienza el proceso de la ley de segunda oportunidad"}]},{"@type":"WebSite","@id":"https:\/\/www.deudafix.es\/blog\/#website","url":"https:\/\/www.deudafix.es\/blog\/","name":"Deudafix","description":"","publisher":{"@id":"https:\/\/www.deudafix.es\/blog\/#organization"},"potentialAction":[{"@type":"SearchAction","target":{"@type":"EntryPoint","urlTemplate":"https:\/\/www.deudafix.es\/blog\/?s={search_term_string}"},"query-input":{"@type":"PropertyValueSpecification","valueRequired":true,"valueName":"search_term_string"}}],"inLanguage":"en-US"},{"@type":"Organization","@id":"https:\/\/www.deudafix.es\/blog\/#organization","name":"Deudafix Reparadora Legal Group SL","url":"https:\/\/www.deudafix.es\/blog\/","logo":{"@type":"ImageObject","inLanguage":"en-US","@id":"https:\/\/www.deudafix.es\/blog\/#\/schema\/logo\/image\/","url":"https:\/\/www.deudafix.es\/blog\/wp-content\/uploads\/2021\/05\/PNGArtboard-1-1.png","contentUrl":"https:\/\/www.deudafix.es\/blog\/wp-content\/uploads\/2021\/05\/PNGArtboard-1-1.png","width":1248,"height":326,"caption":"Deudafix Reparadora Legal Group SL"},"image":{"@id":"https:\/\/www.deudafix.es\/blog\/#\/schema\/logo\/image\/"}},{"@type":"Person","@id":"https:\/\/www.deudafix.es\/blog\/#\/schema\/person\/b9dd14cba7271f0ae5434ad65900744c","name":"Lola Granados Bayona","image":{"@type":"ImageObject","inLanguage":"en-US","@id":"https:\/\/www.deudafix.es\/blog\/#\/schema\/person\/image\/","url":"https:\/\/www.deudafix.es\/blog\/wp-content\/uploads\/2021\/09\/1555657523962-150x150.jpeg","contentUrl":"https:\/\/www.deudafix.es\/blog\/wp-content\/uploads\/2021\/09\/1555657523962-150x150.jpeg","caption":"Lola Granados Bayona"},"description":"Abogada colegiada del ICAM, Licenciada por la UCM, especialista en derecho concursal, con experiencia en derecho procesal penal y LOPD, siendo coautora del libro titulado \" Todo lo que debes saber sobre la LOPD y la adaptaci\u00f3n al nuevo reglamento RGPD\"","url":"https:\/\/www.deudafix.es\/blog\/author\/mgranados\/"}]}},"_links":{"self":[{"href":"https:\/\/www.deudafix.es\/blog\/wp-json\/wp\/v2\/posts\/65","targetHints":{"allow":["GET"]}}],"collection":[{"href":"https:\/\/www.deudafix.es\/blog\/wp-json\/wp\/v2\/posts"}],"about":[{"href":"https:\/\/www.deudafix.es\/blog\/wp-json\/wp\/v2\/types\/post"}],"author":[{"embeddable":true,"href":"https:\/\/www.deudafix.es\/blog\/wp-json\/wp\/v2\/users\/18"}],"replies":[{"embeddable":true,"href":"https:\/\/www.deudafix.es\/blog\/wp-json\/wp\/v2\/comments?post=65"}],"version-history":[{"count":32,"href":"https:\/\/www.deudafix.es\/blog\/wp-json\/wp\/v2\/posts\/65\/revisions"}],"predecessor-version":[{"id":271,"href":"https:\/\/www.deudafix.es\/blog\/wp-json\/wp\/v2\/posts\/65\/revisions\/271"}],"wp:featuredmedia":[{"embeddable":true,"href":"https:\/\/www.deudafix.es\/blog\/wp-json\/wp\/v2\/media\/66"}],"wp:attachment":[{"href":"https:\/\/www.deudafix.es\/blog\/wp-json\/wp\/v2\/media?parent=65"}],"wp:term":[{"taxonomy":"category","embeddable":true,"href":"https:\/\/www.deudafix.es\/blog\/wp-json\/wp\/v2\/categories?post=65"},{"taxonomy":"post_tag","embeddable":true,"href":"https:\/\/www.deudafix.es\/blog\/wp-json\/wp\/v2\/tags?post=65"}],"curies":[{"name":"wp","href":"https:\/\/api.w.org\/{rel}","templated":true}]}}